{"id":1144,"date":"2015-05-18T06:44:33","date_gmt":"2015-05-18T09:44:33","guid":{"rendered":"http:\/\/www.atini.org.br\/?p=1144"},"modified":"2018-12-15T10:30:56","modified_gmt":"2018-12-15T13:30:56","slug":"forum-da-onu-sobre-questoes-indigenas-pede-acao-para-fim-de-suicidios-entre-jovens-indigenas","status":"publish","type":"post","link":"https:\/\/www.atini.org.br\/en\/forum-da-onu-sobre-questoes-indigenas-pede-acao-para-fim-de-suicidios-entre-jovens-indigenas\/","title":{"rendered":"F\u00f3rum da ONU sobre quest\u00f5es ind\u00edgenas pede a\u00e7\u00e3o para fim de suic\u00eddios entre jovens ind\u00edgenas"},"content":{"rendered":"<p>O F\u00f3rum Permanente da ONU sobre Quest\u00f5es Ind\u00edgenas abordou a onda de suic\u00eddio e automutila\u00e7\u00e3o da juventude ind\u00edgena na sua recente sess\u00e3o, em Nova York.<\/p>\n<p><!--more--><\/p>\n<p>Durante s\u00e9culos os povos ind\u00edgenas ao redor do mundo t\u00eam sido for\u00e7ados a travar uma luta existencial para proteger os seus modos de vida e a estrutura de suas sociedades. Agora, jovens ind\u00edgenas enfrentam um risco adicional com uma onda de suic\u00eddio e automutila\u00e7\u00e3o que devasta comunidades em todas as regi\u00f5es do mundo, especialmente no \u00c1rtico, nas Am\u00e9ricas e no Pac\u00edfico, segundo a ONU.<\/p>\n<p>No final de abril, o F\u00f3rum Permanente da ONU sobre Quest\u00f5es Ind\u00edgenas abordou esta tend\u00eancia na sua recente sess\u00e3o, em Nova York, e recomendou uma s\u00e9rie de a\u00e7\u00f5es a serem realizadas pelos pa\u00edses e pela ONU para p\u00f4r fim ao flagelo do suic\u00eddio de jovens ind\u00edgenas.<\/p>\n<p>Os participantes do encontro tamb\u00e9m pediram aos pa\u00edses para reconhecer que o comportamento suicida e a automutila\u00e7\u00e3o est\u00e3o diretamente ligadas a injusti\u00e7as hist\u00f3ricas pelas pot\u00eancias coloniais, como a desapropria\u00e7\u00e3o de terras e recursos, nega\u00e7\u00e3o de direitos humanos, combinado com a perda da autentifica\u00e7\u00e3o e um afastamento das ra\u00edzes da cultura tradicional e modos de vida.<\/p>\n<p>O Centro de Not\u00edcias da ONU falou com alguns dos participantes no F\u00f3rum Permanente que ofereceram ideias pessoais sobre as causas do suic\u00eddio e automutila\u00e7\u00e3o da juventude ind\u00edgena, e medidas que poderiam ser tomadas para acabar com ela.<\/p>\n<p>Entre as causas apontadas est\u00e3o a dificuldade de escolha entre a tradi\u00e7\u00e3o e a modernidade, a falta de oportunidades de trabalho e representa\u00e7\u00e3o na pol\u00edtica, bem como de reconhecimento da import\u00e2ncia dos povos ind\u00edgenas nos livros de hist\u00f3ria e sistemas educacionais.<\/p>\n<p>Em janeiro de 2015, a TV ONU produziu um v\u00eddeo especificamente sobre o drama vivido por jovens ind\u00edgenas brasileiros. Por tr\u00e1s dessa tend\u00eancia perturbadora est\u00e3o os conflitos por terra.<\/p>\n<p>Assista ao v\u00eddeo:<\/p>\n<p>[sd_video id=&#8221;ngUZ6_6xVXA&#8221; type=&#8221;youtube&#8221; align=&#8221;center&#8221;]<\/p>\n<p>Fonte: <a href=\"http:\/\/nacoesunidas.org\/forum-da-onu-sobre-questoes-indigenas-pede-acao-para-fim-de-suicidios-entre-jovens-indigenas\/\" target=\"_blank\">ONU Brasil<\/a><br \/>\nFoto: Flickr\/Wilfred Paulse (Creative Commons)<\/p>\n","protected":false},"excerpt":{"rendered":"<p>O F\u00f3rum Permanente da ONU sobre Quest\u00f5es Ind\u00edgenas abordou a onda de suic\u00eddio e automutila\u00e7\u00e3o da juventude ind\u00edgena na sua recente sess\u00e3o, em Nova York.<\/p>\n","protected":false},"author":6,"featured_media":1145,"comment_status":"open","ping_status":"open","sticky":false,"template":"","format":"standard","meta":{"_et_pb_use_builder":"","_et_pb_old_content":"","_et_gb_content_width":"","footnotes":""},"categories":[149,60],"tags":[77,75,82,89,92,100],"class_list":["post-1144","post","type-post","status-publish","format-standard","has-post-thumbnail","hentry","category-spotlight","category-news","tag-guarani-en","tag-press","tag-indigenous","tag-un","tag-cultural-relativism","tag-indigenous-suicide"],"_links":{"self":[{"href":"https:\/\/www.atini.org.br\/en\/wp-json\/wp\/v2\/posts\/1144","targetHints":{"allow":["GET"]}}],"collection":[{"href":"https:\/\/www.atini.org.br\/en\/wp-json\/wp\/v2\/posts"}],"about":[{"href":"https:\/\/www.atini.org.br\/en\/wp-json\/wp\/v2\/types\/post"}],"author":[{"embeddable":true,"href":"https:\/\/www.atini.org.br\/en\/wp-json\/wp\/v2\/users\/6"}],"replies":[{"embeddable":true,"href":"https:\/\/www.atini.org.br\/en\/wp-json\/wp\/v2\/comments?post=1144"}],"version-history":[{"count":1,"href":"https:\/\/www.atini.org.br\/en\/wp-json\/wp\/v2\/posts\/1144\/revisions"}],"predecessor-version":[{"id":1222,"href":"https:\/\/www.atini.org.br\/en\/wp-json\/wp\/v2\/posts\/1144\/revisions\/1222"}],"wp:featuredmedia":[{"embeddable":true,"href":"https:\/\/www.atini.org.br\/en\/wp-json\/wp\/v2\/media\/1145"}],"wp:attachment":[{"href":"https:\/\/www.atini.org.br\/en\/wp-json\/wp\/v2\/media?parent=1144"}],"wp:term":[{"taxonomy":"category","embeddable":true,"href":"https:\/\/www.atini.org.br\/en\/wp-json\/wp\/v2\/categories?post=1144"},{"taxonomy":"post_tag","embeddable":true,"href":"https:\/\/www.atini.org.br\/en\/wp-json\/wp\/v2\/tags?post=1144"}],"curies":[{"name":"wp","href":"https:\/\/api.w.org\/{rel}","templated":true}]}}