{"id":2817,"date":"2019-02-12T13:13:58","date_gmt":"2019-02-12T16:13:58","guid":{"rendered":"https:\/\/www.atini.org.br\/?p=2817"},"modified":"2019-02-15T05:34:51","modified_gmt":"2019-02-15T08:34:51","slug":"bebe-indigena-enterrada-viva-faz-8-meses-sem-nenhuma-sequela-e-ainda-abrigada","status":"publish","type":"post","link":"https:\/\/www.atini.org.br\/en\/bebe-indigena-enterrada-viva-faz-8-meses-sem-nenhuma-sequela-e-ainda-abrigada\/","title":{"rendered":"Beb\u00ea ind\u00edgena enterrada viva faz 8 meses sem nenhuma sequela e ainda abrigada"},"content":{"rendered":"<p>Beb\u00ea ind\u00edgena da etnia Trumai, enterrada viva pela bisav\u00f3, em Canarana (a 823 km de Cuiab\u00e1), e resgatada por policiais militares, chega aos 8 meses de vida, se desenvolve sem nenhuma sequela, conforme o esperado para a idade, e tem recebido a visita da m\u00e3e e do pai, que \u00e9 de uma outra etnia. Ambos s\u00e3o menores de idade.<\/p>\n<p>&#8220;A crian\u00e7a est\u00e1 dentro dos padr\u00f5es normais&#8221;, afirma a coordenadora em Canarana do Centro de Referencia e Assist\u00eancia Social (Cras) e psic\u00f3loga, Josiane Porsh.<\/p>\n<p>O beb\u00ea est\u00e1 em um abrigo na cidade, a Casa da Crian\u00e7a. \u00c9 acompanhada por assistentes sociais e psic\u00f3logos do CRAS e recebe tamb\u00e9m tratamento pedi\u00e1trico em Bras\u00edlia com o apoio da Funda\u00e7\u00e3o Nacional de \u00edndio (Funai).<\/p>\n<p>Sobre as visitas, a coordenadora afirma que n\u00e3o s\u00e3o proibidas e sim autorizadas judicialmente. Estudo psicossocial est\u00e1 sendo feito para verificar com quem a crian\u00e7a ficar\u00e1 e o Minist\u00e9rio P\u00fablico ainda n\u00e3o deu parecer. \u201cO juiz acompanha tudo, para ver como \u00e9 a rela\u00e7\u00e3o dela com familiares e depois decidir a guarda&#8221;, pontuou. Caso seja disponibilizada \u00e0 ado\u00e7\u00e3o, \u00e9 prov\u00e1vel que os pais tenham prioridade, caso n\u00e3o a queiram ir\u00e1 para a fila geral.<\/p>\n<p>A menina foi enterrada viva, instantes ap\u00f3s o nascimento, pela bisav\u00f3 Kutasmin Kamayura. A av\u00f3 Tapoalu Kamyur\u00e1 tamb\u00e9m responde pelo crime. Ap\u00f3s seis horas, ela foi resgatada por policiais, chamados para atender \u00e0 ocorr\u00eancia suspeita. Eles ouviram choro e puxaram a menina debaixo da terra. Em seguida, ela ficou internada e chegou a correr risco de morte. Depois, reagiu e obteve alta, para surpresa de quem acompanhava o passo a passo da sobrevivente.<\/p>\n<p>Kutsamin foi presa em flagrante por tentativa de homic\u00eddio. Atualmente, usa tornozeleira eletr\u00f4nica e cumpre medidas cautelares em Canarana. Ela e a av\u00f3 Topoalu respondem a dois processos na Justi\u00e7a &#8211; um c\u00edvel e outro criminal.<\/p>\n<p>H\u00e1 informa\u00e7\u00f5es de que tenham feito isso porque a etnia Trumai rejeita filhos de m\u00e3es solteiras. O caso teve grande repercuss\u00e3o.<\/p>\n<p><span class=\"author\">Foto:\u00a0Reprodu\u00e7\u00e3o<\/span><br \/>\n<a href=\"https:\/\/www.semana7.com.br\/noticia\/11320\/\" target=\"_blank\" rel=\"noopener\"><span class=\"author\">Por\u00a0Allan Pereira\/RD News<\/span> <span class=\"time\">05\/02\/2019 &#8211; 17:53 hs<\/span><\/a><\/p>\n","protected":false},"excerpt":{"rendered":"<p>Beb\u00ea ind\u00edgena da etnia Trumai, enterrada viva pela bisav\u00f3, em Canarana (a 823 km de Cuiab\u00e1), e resgatada por policiais militares, chega aos 8 meses de vida, se desenvolve sem nenhuma sequela, conforme o esperado para a idade, e tem recebido a visita da m\u00e3e e do pai, que \u00e9 de uma outra etnia. Ambos [&hellip;]<\/p>\n","protected":false},"author":6,"featured_media":2818,"comment_status":"open","ping_status":"open","sticky":false,"template":"","format":"standard","meta":{"_et_pb_use_builder":"","_et_pb_old_content":"","_et_gb_content_width":"","footnotes":""},"categories":[1],"tags":[207,208],"class_list":["post-2817","post","type-post","status-publish","format-standard","has-post-thumbnail","hentry","category-noticias","tag-canarana","tag-trumai"],"_links":{"self":[{"href":"https:\/\/www.atini.org.br\/en\/wp-json\/wp\/v2\/posts\/2817","targetHints":{"allow":["GET"]}}],"collection":[{"href":"https:\/\/www.atini.org.br\/en\/wp-json\/wp\/v2\/posts"}],"about":[{"href":"https:\/\/www.atini.org.br\/en\/wp-json\/wp\/v2\/types\/post"}],"author":[{"embeddable":true,"href":"https:\/\/www.atini.org.br\/en\/wp-json\/wp\/v2\/users\/6"}],"replies":[{"embeddable":true,"href":"https:\/\/www.atini.org.br\/en\/wp-json\/wp\/v2\/comments?post=2817"}],"version-history":[{"count":2,"href":"https:\/\/www.atini.org.br\/en\/wp-json\/wp\/v2\/posts\/2817\/revisions"}],"predecessor-version":[{"id":2821,"href":"https:\/\/www.atini.org.br\/en\/wp-json\/wp\/v2\/posts\/2817\/revisions\/2821"}],"wp:featuredmedia":[{"embeddable":true,"href":"https:\/\/www.atini.org.br\/en\/wp-json\/wp\/v2\/media\/2818"}],"wp:attachment":[{"href":"https:\/\/www.atini.org.br\/en\/wp-json\/wp\/v2\/media?parent=2817"}],"wp:term":[{"taxonomy":"category","embeddable":true,"href":"https:\/\/www.atini.org.br\/en\/wp-json\/wp\/v2\/categories?post=2817"},{"taxonomy":"post_tag","embeddable":true,"href":"https:\/\/www.atini.org.br\/en\/wp-json\/wp\/v2\/tags?post=2817"}],"curies":[{"name":"wp","href":"https:\/\/api.w.org\/{rel}","templated":true}]}}