{"id":644,"date":"2013-03-08T08:35:00","date_gmt":"2013-03-08T11:35:00","guid":{"rendered":"http:\/\/www.atini.org.br\/2013_03_01_archive-html4480317593043699864\/"},"modified":"2019-01-07T12:57:15","modified_gmt":"2019-01-07T15:57:15","slug":"dia-internacional-da-mulher","status":"publish","type":"post","link":"https:\/\/www.atini.org.br\/en\/dia-internacional-da-mulher\/","title":{"rendered":"DIA INTERNACIONAL DA MULHER"},"content":{"rendered":"<div class=\"post-body entry-content\">\n<div><\/div>\n<div style=\"text-align: center; border: medium none -moz-use-text-color;\"><\/div>\n<div class=\"separator\" style=\"clear: both; text-align: center;\"><a style=\"margin-left: 1em; margin-right: 1em;\" href=\"http:\/\/3.bp.blogspot.com\/-7MmVUKSWb5g\/UTmgQXBeCLI\/AAAAAAAABeE\/KGjlfj-FxJo\/s1600\/eunice+ticuna.jpg\"><img fetchpriority=\"high\" fetchpriority=\"high\" decoding=\"async\" src=\"http:\/\/www.atini.org.br\/wp-content\/uploads\/2013\/03\/eunice-ticuna.jpg\" width=\"320\" height=\"320\" border=\"0\" \/><\/a><\/div>\n<\/div>\n<p style=\"text-align: center;\">Neste ano nossa homenagem especial vai para Ariane Tsinhotseedzabu Xavante e para Eunice Ticuna.<\/p>\n<p style=\"text-align: center;\">A ATINI tem imensa alegria em homenagear as mulheres ind\u00edgenas da Casa das Na\u00e7\u00f5es!<\/p>\n<p style=\"text-align: center;\">Mulheres que vivem hoje momentos dif\u00edceis, de intensas transforma\u00e7\u00f5es nas rela\u00e7\u00f5es<br \/>\ninter\u00e9tnicas em nosso pa\u00eds.<\/p>\n<p style=\"text-align: center;\">Mulheres<br \/>\nque precisam de sabedoria para ajudar as novas gera\u00e7\u00f5es a n\u00e3o perder a<br \/>\nsua identidade \u00e9tnica nem sua dignidade pessoal neste processo<br \/>\nhist\u00f3rico.<\/p>\n<p style=\"text-align: center;\">Mulheres que s\u00e3o ao mesmo tempo fortes e delicadas, ao mesmo tempo conciliadoras e questionadoras.<\/p>\n<p style=\"text-align: center;\">Mulheres que s\u00e3o guardi\u00e3s de culturas ancestrais, mas que est\u00e3o<br \/>\nsempre buscando transfoma\u00e7\u00e3o social e esperan\u00e7a.<\/p>\n<p style=\"text-align: center;\">Mulheres que amam suas crian\u00e7as, mulheres genu\u00ednas, mulheres de verdade.<\/p>\n<p style=\"text-align: center;\">Homenageamos Muwaji Suruwah\u00e1, que precisou se afastar de seu povo para garantir a vida<br \/>\ne a dignidade de sua filha Iganani, portadora de paralisia cerebral.<\/p>\n<p style=\"text-align: center;\">Homenageamos Kamiru Kamaiur\u00e1, que enfrentou uma tradi\u00e7\u00e3o ancestral, resgatou um beb\u00ea que havia sido enterrado vivo, e o adotou como filho.<\/p>\n<p style=\"text-align: center;\">Homenageamos Diva Kayabi, que adotou tr\u00eas beb\u00eas xinguanos que seri<br \/>\nam enterradas vivos, e depois fundou uma ONG para defender o direito das crian\u00e7as do Xingu.<\/p>\n<p style=\"text-align: center;\">Homenageamos Celina Sater\u00e9-Maw\u00e9, que construiu um barrac\u00e3o de palha no quintal de sua casa para\u00a0 diariamente oferecer alimenta\u00e7\u00e3o e educa\u00e7\u00e3o para 30 crian\u00e7as ind\u00edgenas carentes do seu bairro.<\/p>\n<p style=\"text-align: center;\">Homenageamos\u00a0Sandra Terena, jornalista ind\u00edgena, que dirigiu um document\u00e1rio<br \/>\nemocionante que mostra pais de crian\u00e7as sobreviventes compartilhando sua<br \/>\nalegria por terem tido a coragem de salvar seus filhos.<\/p>\n<p style=\"text-align: center;\">Homenageamos tamb\u00e9m Damares Alves, Simone Melo, Simone Barbosa, Liz Maximiano, Ma\u00edra Barreto, Margaret Alves, Marcia Suzuki, Regina Sarti, &#8230; e tantas outras mulheres de cora\u00e7\u00e3o ind\u00edgena, que lutam junto com elas por um mundo melhor para todas as nossas crian\u00e7as.<\/p>\n<p style=\"text-align: center;\"><strong>\u00a0Parab\u00e9ns a todas as mulheres da ATINI!<\/strong><\/p>\n","protected":false},"excerpt":{"rendered":"<p>Neste ano nossa homenagem especial vai para Ariane Tsinhotseedzabu Xavante e para Eunice Ticuna. A ATINI tem imensa alegria em homenagear as mulheres ind\u00edgenas da Casa das Na\u00e7\u00f5es! Mulheres que vivem hoje momentos dif\u00edceis, de intensas transforma\u00e7\u00f5es nas rela\u00e7\u00f5es inter\u00e9tnicas em nosso pa\u00eds. Mulheres que precisam de sabedoria para ajudar as novas gera\u00e7\u00f5es a n\u00e3o [&hellip;]<\/p>\n","protected":false},"author":6,"featured_media":764,"comment_status":"open","ping_status":"open","sticky":false,"template":"","format":"standard","meta":{"_et_pb_use_builder":"","_et_pb_old_content":"","_et_gb_content_width":"","footnotes":""},"categories":[1],"tags":[],"class_list":["post-644","post","type-post","status-publish","format-standard","has-post-thumbnail","hentry","category-noticias"],"_links":{"self":[{"href":"https:\/\/www.atini.org.br\/en\/wp-json\/wp\/v2\/posts\/644","targetHints":{"allow":["GET"]}}],"collection":[{"href":"https:\/\/www.atini.org.br\/en\/wp-json\/wp\/v2\/posts"}],"about":[{"href":"https:\/\/www.atini.org.br\/en\/wp-json\/wp\/v2\/types\/post"}],"author":[{"embeddable":true,"href":"https:\/\/www.atini.org.br\/en\/wp-json\/wp\/v2\/users\/6"}],"replies":[{"embeddable":true,"href":"https:\/\/www.atini.org.br\/en\/wp-json\/wp\/v2\/comments?post=644"}],"version-history":[{"count":4,"href":"https:\/\/www.atini.org.br\/en\/wp-json\/wp\/v2\/posts\/644\/revisions"}],"predecessor-version":[{"id":2510,"href":"https:\/\/www.atini.org.br\/en\/wp-json\/wp\/v2\/posts\/644\/revisions\/2510"}],"wp:featuredmedia":[{"embeddable":true,"href":"https:\/\/www.atini.org.br\/en\/wp-json\/wp\/v2\/media\/764"}],"wp:attachment":[{"href":"https:\/\/www.atini.org.br\/en\/wp-json\/wp\/v2\/media?parent=644"}],"wp:term":[{"taxonomy":"category","embeddable":true,"href":"https:\/\/www.atini.org.br\/en\/wp-json\/wp\/v2\/categories?post=644"},{"taxonomy":"post_tag","embeddable":true,"href":"https:\/\/www.atini.org.br\/en\/wp-json\/wp\/v2\/tags?post=644"}],"curies":[{"name":"wp","href":"https:\/\/api.w.org\/{rel}","templated":true}]}}