{"id":650,"date":"2011-06-14T18:29:00","date_gmt":"2011-06-14T21:29:00","guid":{"rendered":"http:\/\/www.atini.org.br\/2011_06_01_archive-html4753697966983825218\/"},"modified":"2019-01-09T05:54:21","modified_gmt":"2019-01-09T08:54:21","slug":"audiencia-publica-debate-infanticidio-em-comunidades-indigenas","status":"publish","type":"post","link":"https:\/\/www.atini.org.br\/en\/audiencia-publica-debate-infanticidio-em-comunidades-indigenas\/","title":{"rendered":"Audi\u00eancia P\u00fablica Debate Infantic\u00eddio Em Comunidades Ind\u00edgenas"},"content":{"rendered":"<audio class=\"wp-audio-shortcode\" id=\"audio-650-1\" preload=\"none\" style=\"width: 100%;\" controls=\"controls\"><source type=\"audio\/mpeg\" src=\"https:\/\/www.atini.org.br\/wp-content\/uploads\/2011\/06\/rdflash20110614-ENTRsandra-0005-mp3-028.mp3?_=1\" \/><a href=\"https:\/\/www.atini.org.br\/wp-content\/uploads\/2011\/06\/rdflash20110614-ENTRsandra-0005-mp3-028.mp3\">https:\/\/www.atini.org.br\/wp-content\/uploads\/2011\/06\/rdflash20110614-ENTRsandra-0005-mp3-028.mp3<\/a><\/audio>\n<div style=\"text-align: center;\">\n<p><a href=\"http:\/\/www2.camara.leg.br\/camaranoticias\/radio\/materias\/ULTIMAS-NOTICIAS\/398314-DIRETORA-DO-DOCUMENT%C3%81RIO-%22QUEBRANDO-O-SIL%C3%8ANCIO%22-PARTICIPA-DE-AUDI%C3%8ANCIA-SOBRE-INFANTIC%C3%8DDIO-DE-CRIAN%C3%87AS-IND%C3%8DGENAS-%2807%2702%22%29.html\" target=\"_blank\" rel=\"noopener\">Ou\u00e7a aqui a entrevista de Sandra Terena<\/a><\/p>\n<p><a style=\"margin-left: 1em; margin-right: 1em;\" href=\"http:\/\/1.bp.blogspot.com\/-3Xfx8cUkltQ\/TfeoizmmAbI\/AAAAAAAABdc\/EfZ4pDV1pbE\/s1600\/BRASAO+DO+BRASIL.bmp\"><img decoding=\"async\" src=\"http:\/\/1.bp.blogspot.com\/-3Xfx8cUkltQ\/TfeoizmmAbI\/AAAAAAAABdc\/EfZ4pDV1pbE\/s1600\/BRASAO+DO+BRASIL.bmp\" border=\"0\" \/><\/a><\/p>\n<\/div>\n<div style=\"text-align: center;\">\n<p>C\u00c2MARA DOS DEPUTADOS<\/p>\n<\/div>\n<div style=\"text-align: center;\">COMISS\u00c3O DE SEGURIDADE SOCIAL E FAM\u00cdLIA<\/div>\n<div style=\"text-align: center;\">54\u00aa Legislatura &#8211; 1\u00aa Sess\u00e3o Legislativa Ordin\u00e1ria<\/div>\n<div style=\"text-align: center;\"><\/div>\n<div style=\"text-align: center;\">PAUTA DE REUNI\u00c3O ORDIN\u00c1RIA<\/div>\n<div style=\"text-align: center;\">AUDI\u00caNCIA P\u00daBLICA<\/div>\n<p>DIA 14\/06\/2011<br \/>\nLOCAL: Anexo II, Plen\u00e1rio 07<br \/>\nHOR\u00c1RIO: 14h30min<\/p>\n<p>A &#8211; Audi\u00eancia P\u00fablica:<\/p>\n<p>REUNI\u00c3O DE AUDI\u00caNCIA P\u00daBLICA<\/p>\n<p>(Requerimento n\u00ba 25\/11 dos Deputados Roberto de Lucena e Rosinha da Adefal)<\/p>\n<p>Tema: &#8220;Debater a grave situa\u00e7\u00e3o de crian\u00e7as ind\u00edgenas com defici\u00eancia e com problemas de sa\u00fade conforme relatado no document\u00e1rio Quebrando o Sil\u00eancio, da jornalista Sandra Terena&#8221;.<\/p>\n<p>Convidados:<\/p>\n<p>SANDRA TERENA\u00a0 Jornalista e produtora do Document\u00e1rio: &#8220;Quebrando o Sil\u00eancio&#8221;<\/p>\n<p>EDSON BAKAIRI\u00a0 Professor e l\u00edder do Movimento Ind\u00edgenas a Favor da Vida<\/p>\n<p>EDWARD M. LUZ\u00a0\u00a0 Antrop\u00f3logo do N\u00facleo de Estudos e Pesquisas para o Desenvolvimento de Povos e Comunidades Tradicionais<\/p>\n<p>Representante do MINIST\u00c9RIO DA SA\u00daDE\/Secretaria Nacional de Sa\u00fade Ind\u00edgena<\/p>\n","protected":false},"excerpt":{"rendered":"<p>Ou\u00e7a aqui a entrevista de Sandra Terena C\u00c2MARA DOS DEPUTADOS COMISS\u00c3O DE SEGURIDADE SOCIAL E FAM\u00cdLIA 54\u00aa Legislatura &#8211; 1\u00aa Sess\u00e3o Legislativa Ordin\u00e1ria PAUTA DE REUNI\u00c3O ORDIN\u00c1RIA AUDI\u00caNCIA P\u00daBLICA DIA 14\/06\/2011 LOCAL: Anexo II, Plen\u00e1rio 07 HOR\u00c1RIO: 14h30min A &#8211; Audi\u00eancia P\u00fablica: REUNI\u00c3O DE AUDI\u00caNCIA P\u00daBLICA (Requerimento n\u00ba 25\/11 dos Deputados Roberto de Lucena e [&hellip;]<\/p>\n","protected":false},"author":6,"featured_media":2794,"comment_status":"open","ping_status":"open","sticky":false,"template":"","format":"audio","meta":{"_et_pb_use_builder":"","_et_pb_old_content":"","_et_gb_content_width":"","footnotes":""},"categories":[5,1],"tags":[153,19],"class_list":["post-650","post","type-post","status-publish","format-audio","has-post-thumbnail","hentry","category-midia","category-noticias","tag-quebrando-o-silencio","tag-sandra-terena","post_format-post-format-audio"],"_links":{"self":[{"href":"https:\/\/www.atini.org.br\/en\/wp-json\/wp\/v2\/posts\/650","targetHints":{"allow":["GET"]}}],"collection":[{"href":"https:\/\/www.atini.org.br\/en\/wp-json\/wp\/v2\/posts"}],"about":[{"href":"https:\/\/www.atini.org.br\/en\/wp-json\/wp\/v2\/types\/post"}],"author":[{"embeddable":true,"href":"https:\/\/www.atini.org.br\/en\/wp-json\/wp\/v2\/users\/6"}],"replies":[{"embeddable":true,"href":"https:\/\/www.atini.org.br\/en\/wp-json\/wp\/v2\/comments?post=650"}],"version-history":[{"count":4,"href":"https:\/\/www.atini.org.br\/en\/wp-json\/wp\/v2\/posts\/650\/revisions"}],"predecessor-version":[{"id":2793,"href":"https:\/\/www.atini.org.br\/en\/wp-json\/wp\/v2\/posts\/650\/revisions\/2793"}],"wp:featuredmedia":[{"embeddable":true,"href":"https:\/\/www.atini.org.br\/en\/wp-json\/wp\/v2\/media\/2794"}],"wp:attachment":[{"href":"https:\/\/www.atini.org.br\/en\/wp-json\/wp\/v2\/media?parent=650"}],"wp:term":[{"taxonomy":"category","embeddable":true,"href":"https:\/\/www.atini.org.br\/en\/wp-json\/wp\/v2\/categories?post=650"},{"taxonomy":"post_tag","embeddable":true,"href":"https:\/\/www.atini.org.br\/en\/wp-json\/wp\/v2\/tags?post=650"}],"curies":[{"name":"wp","href":"https:\/\/api.w.org\/{rel}","templated":true}]}}