{"id":66,"date":"2014-02-08T17:17:50","date_gmt":"2014-02-08T20:17:50","guid":{"rendered":"http:\/\/charity.skat.tf\/?p=66"},"modified":"2018-12-15T12:21:13","modified_gmt":"2018-12-15T15:21:13","slug":"amale","status":"publish","type":"post","link":"https:\/\/www.atini.org.br\/en\/amale\/","title":{"rendered":"Amal\u00e9"},"content":{"rendered":"<p><iframe width=\"1080\" height=\"810\" src=\"https:\/\/www.youtube.com\/embed\/wFcPk_3qGXo?feature=oembed\" frameborder=\"0\" allow=\"accelerometer; autoplay; encrypted-media; gyroscope; picture-in-picture\" allowfullscreen><\/iframe><\/p>\n<h3>A Hist\u00f3ria de um sobrevivente<\/h3>\n<p>Por um verdadeiro milagre, Amal\u00e9 se salvou da morte. Em 21 de novembro de 2003, \u00e0s 7:00 horas, logo ap\u00f3s seu nascimento, Amal\u00e9 foi enterrado vivo pela pr\u00f3pria m\u00e3e.<br \/>\n<!--more--><br \/>\nO motivo \u00e9 que sua m\u00e3e era solteira, fato n\u00e3o tolerado na tribo. Para ter certeza que o destino de Amal\u00e9 fosse mesmo a morte, seus av\u00f3s pisotearam em sua cova, mas em um gesto de coragem, sua tia Kamiru desenterrou o beb\u00ea levando para fora da tribo, Amal\u00e9 tinha fortes sangramentos nas narinas e nos olhos. Muitos acreditam que ele foi salvo por um verdadeiro milagre.<\/p>\n<p>Amal\u00e9 hoje vive com sua tia Kamiru em Bras\u00edlia, para o pequeno \u00edndio sua tia \u00e9 a sua m\u00e3e, ele gosta muito de brincar, comer e frequentar a escola e segundo a sua professora,\u00a0 \u00e9 um bom aluno!<\/p>\n<p>Dire\u00e7\u00e3o: Jo\u00e3o Luiz de Oliveira<br \/>\nNarra\u00e7\u00e3o: Heloisa P\u00e9riss\u00e9<\/p>\n","protected":false},"excerpt":{"rendered":"<p>A Hist\u00f3ria de um sobrevivente Por um verdadeiro milagre, Amal\u00e9 se salvou da morte. Em 21 de novembro de 2003, \u00e0s 7:00 horas, logo ap\u00f3s seu nascimento, Amal\u00e9 foi enterrado vivo pela pr\u00f3pria m\u00e3e.<\/p>\n","protected":false},"author":6,"featured_media":983,"comment_status":"open","ping_status":"open","sticky":false,"template":"","format":"video","meta":{"_et_pb_use_builder":"","_et_pb_old_content":"","_et_gb_content_width":"","footnotes":""},"categories":[141,5,1],"tags":[16,17],"class_list":["post-66","post","type-post","status-publish","format-video","has-post-thumbnail","hentry","category-frontpage","category-midia","category-noticias","tag-amale","tag-sobreviventes","post_format-post-format-video"],"_links":{"self":[{"href":"https:\/\/www.atini.org.br\/en\/wp-json\/wp\/v2\/posts\/66","targetHints":{"allow":["GET"]}}],"collection":[{"href":"https:\/\/www.atini.org.br\/en\/wp-json\/wp\/v2\/posts"}],"about":[{"href":"https:\/\/www.atini.org.br\/en\/wp-json\/wp\/v2\/types\/post"}],"author":[{"embeddable":true,"href":"https:\/\/www.atini.org.br\/en\/wp-json\/wp\/v2\/users\/6"}],"replies":[{"embeddable":true,"href":"https:\/\/www.atini.org.br\/en\/wp-json\/wp\/v2\/comments?post=66"}],"version-history":[{"count":4,"href":"https:\/\/www.atini.org.br\/en\/wp-json\/wp\/v2\/posts\/66\/revisions"}],"predecessor-version":[{"id":1673,"href":"https:\/\/www.atini.org.br\/en\/wp-json\/wp\/v2\/posts\/66\/revisions\/1673"}],"wp:featuredmedia":[{"embeddable":true,"href":"https:\/\/www.atini.org.br\/en\/wp-json\/wp\/v2\/media\/983"}],"wp:attachment":[{"href":"https:\/\/www.atini.org.br\/en\/wp-json\/wp\/v2\/media?parent=66"}],"wp:term":[{"taxonomy":"category","embeddable":true,"href":"https:\/\/www.atini.org.br\/en\/wp-json\/wp\/v2\/categories?post=66"},{"taxonomy":"post_tag","embeddable":true,"href":"https:\/\/www.atini.org.br\/en\/wp-json\/wp\/v2\/tags?post=66"}],"curies":[{"name":"wp","href":"https:\/\/api.w.org\/{rel}","templated":true}]}}