{"id":669,"date":"2009-12-11T20:59:00","date_gmt":"2009-12-11T23:59:00","guid":{"rendered":"http:\/\/www.atini.org.br\/2009_12_01_archive-html6150498846390248736\/"},"modified":"2019-01-07T13:15:53","modified_gmt":"2019-01-07T16:15:53","slug":"jornalista-indigena-selecionada-para-o-premio-jovem-da-paz-brasil-2009","status":"publish","type":"post","link":"https:\/\/www.atini.org.br\/en\/jornalista-indigena-selecionada-para-o-premio-jovem-da-paz-brasil-2009\/","title":{"rendered":"JORNALISTA  IND\u00cdGENA SELECIONADA PARA O PR\u00caMIO JOVEM DA PAZ  BRASIL 2009"},"content":{"rendered":"<p><a href=\"http:\/\/2.bp.blogspot.com\/_uJkI65sCysk\/SyK35izL6lI\/AAAAAAAABaU\/iY_sfryjxlE\/s1600-h\/topo_blog.jpg\"><img decoding=\"async\" id=\"BLOGGER_PHOTO_ID_5414091901274679890\" class=\"aligncenter\" style=\"margin: 0pt 10px 10px 0pt; float: left; cursor: pointer; width: 400px; height: 110px;\" src=\"http:\/\/www.atini.org.br\/wp-content\/uploads\/2009\/12\/topo_blog.jpg\" alt=\"\" border=\"0\" \/><\/a><\/p>\n<p>&nbsp;<\/p>\n<p>&nbsp;<\/p>\n<p>&nbsp;<\/p>\n<p>O Pr\u00eamio Internacional Jovem da Paz \u00e9 um programa de incentivo a jovens que trabalham em favor da paz e desenvolvimento integral da humanidade. Esta foi a primeira vez que Curitiba organizou o Pr\u00eamio.<\/p>\n<p>Na categoria Comunica\u00e7\u00e3o, foi selecionado o document\u00e1rio <strong>\u201cQuebrando o Sil\u00eancio\u201d,<\/strong> que retrata o infantic\u00eddio ind\u00edgena. O document\u00e1rio foi produzido pela jornalista e documentarista Sandra Terena.<\/p>\n<p><strong>Entrevista com Sandra Terena:<\/strong><\/p>\n<div class=\"post-body entry-content\">\n<p><strong>\u2022 Qual sua profiss\u00e3o?<\/strong><\/p>\n<p>Jornalista e documentarista<\/p>\n<p><strong>\u2022 De onde surgiu a ideia de fazer o document\u00e1rio?<\/strong><\/p>\n<p>H\u00e1 mais ou menos tr\u00eas anos, assisti a um document\u00e1rio chamado Hakani, que fala sobre a hist\u00f3ria de uma indiazinha que foi enterrada viva. Fiquei chocada em saber que meus parentes ind\u00edgenas ainda praticavam o infant\u00edcdio. Fiz uma pesquisa sobre o assunto e percebi que os \u00f3rg\u00e3os oficiais sempre negaram a exist\u00eancia dessa pr\u00e1tica.<\/p>\n<p>Fui a fundo no assunto e fizemos entrevistas com ind\u00edgenas de v\u00e1rios povos, principalmente no Xingu, e descobrimos que o infantic\u00eddio n\u00e3o \u00e9 uma lenda. Por isso, achamos que um document\u00e1rio baseado na linha do cinema verdade, com depoimentos reais, poderia desmitificar esse o assunto e provar que o sacrif\u00edcio de crian\u00e7as ainda \u00e9 uma realidade. No entanto o que mais me chamou a aten\u00e7\u00e3o foi saber que parentes de todo o Brasil n\u00e3o querem continuar com tal pr\u00e1tica. Por isso, precisam de pol\u00edticas p\u00fablicas para poderem criar seus filhos, principalmente os deficientes, que dificilmente sobrevivem em aldeias de dif\u00edcil acesso.<\/p>\n<p><strong>\u2022 Qual a tem\u00e1tica do seu document\u00e1rio?<\/strong><\/p>\n<p>Infantic\u00eddio Ind\u00edgena<\/p>\n<p><strong>\u2022 O que te motivou a participar do Pr\u00eamio?<\/strong><\/p>\n<p>Acredito que o pr\u00eamio pode dar visibilidade para o filme e sensibilizar as pessoas a apoiarem esta causa.<\/p>\n<p>Saiba mais sobre o document\u00e1rio <a href=\"https:\/\/www.atini.org.br\/quebrando-silencio\/\">aqui<\/a><\/p>\n<\/div>\n","protected":false},"excerpt":{"rendered":"<p>&nbsp; &nbsp; &nbsp; O Pr\u00eamio Internacional Jovem da Paz \u00e9 um programa de incentivo a jovens que trabalham em favor da paz e desenvolvimento integral da humanidade. Esta foi a primeira vez que Curitiba organizou o Pr\u00eamio. Na categoria Comunica\u00e7\u00e3o, foi selecionado o document\u00e1rio \u201cQuebrando o Sil\u00eancio\u201d, que retrata o infantic\u00eddio ind\u00edgena. O document\u00e1rio foi [&hellip;]<\/p>\n","protected":false},"author":6,"featured_media":814,"comment_status":"open","ping_status":"open","sticky":false,"template":"","format":"standard","meta":{"_et_pb_use_builder":"","_et_pb_old_content":"","_et_gb_content_width":"","footnotes":""},"categories":[5,1],"tags":[153,19],"class_list":["post-669","post","type-post","status-publish","format-standard","has-post-thumbnail","hentry","category-midia","category-noticias","tag-quebrando-o-silencio","tag-sandra-terena"],"_links":{"self":[{"href":"https:\/\/www.atini.org.br\/en\/wp-json\/wp\/v2\/posts\/669","targetHints":{"allow":["GET"]}}],"collection":[{"href":"https:\/\/www.atini.org.br\/en\/wp-json\/wp\/v2\/posts"}],"about":[{"href":"https:\/\/www.atini.org.br\/en\/wp-json\/wp\/v2\/types\/post"}],"author":[{"embeddable":true,"href":"https:\/\/www.atini.org.br\/en\/wp-json\/wp\/v2\/users\/6"}],"replies":[{"embeddable":true,"href":"https:\/\/www.atini.org.br\/en\/wp-json\/wp\/v2\/comments?post=669"}],"version-history":[{"count":6,"href":"https:\/\/www.atini.org.br\/en\/wp-json\/wp\/v2\/posts\/669\/revisions"}],"predecessor-version":[{"id":2519,"href":"https:\/\/www.atini.org.br\/en\/wp-json\/wp\/v2\/posts\/669\/revisions\/2519"}],"wp:featuredmedia":[{"embeddable":true,"href":"https:\/\/www.atini.org.br\/en\/wp-json\/wp\/v2\/media\/814"}],"wp:attachment":[{"href":"https:\/\/www.atini.org.br\/en\/wp-json\/wp\/v2\/media?parent=669"}],"wp:term":[{"taxonomy":"category","embeddable":true,"href":"https:\/\/www.atini.org.br\/en\/wp-json\/wp\/v2\/categories?post=669"},{"taxonomy":"post_tag","embeddable":true,"href":"https:\/\/www.atini.org.br\/en\/wp-json\/wp\/v2\/tags?post=669"}],"curies":[{"name":"wp","href":"https:\/\/api.w.org\/{rel}","templated":true}]}}