{"id":689,"date":"2009-01-02T01:08:00","date_gmt":"2009-01-02T04:08:00","guid":{"rendered":"http:\/\/www.atini.org.br\/2009_01_01_archive-html1452636936583701841\/"},"modified":"2018-12-15T19:10:21","modified_gmt":"2018-12-15T22:10:21","slug":"os-numeros-da-atini","status":"publish","type":"post","link":"https:\/\/www.atini.org.br\/en\/os-numeros-da-atini\/","title":{"rendered":"OS N\u00daMEROS DA ATINI"},"content":{"rendered":"<p><strong>40<\/strong> crian\u00e7as \u00e9 s\u00f3 o come\u00e7o, mas mesmo assim, j\u00e1 d\u00e1 gosto contar&#8230; Com a sua ajuda, conseguimos alcan\u00e7ar n\u00fameros extraordin\u00e1rios em 2008!<\/p>\n<p><!--more--><\/p>\n<p><strong>11.800<\/strong> foram os beijus de tapioca feitos pela mulheres Kamayur\u00e1, Suruwah\u00e1 e Ticuna para alegria das nossas crian\u00e7as. Nossa crian\u00e7ada consumiu 15 mil copos de leite, 8 mil bananas e 13 mil laranjas! Nossos beb\u00eas usaram 5.184 fraldas descart\u00e1veis!<\/p>\n<p><strong>250<\/strong> foram os cadernos, al\u00e9m dos 80 l\u00e1pis e das 120 borrachas usados pelas crian\u00e7as, a medida que elas descobriam o poder da palavra escrita.<\/p>\n<p><strong>18<\/strong> s\u00e3o os l\u00edderes ind\u00edgenas que se articularam no movimento nacional a favor da vida &#8211; Ad\u00e3o Kaiw\u00e1, David Terena, Edson Bakairi, L\u00facia Bakairi, Eli Tikuna, Jorge Ticuna, Anita Ticuna, Kakatsa Kamaiur\u00e1, Karatsup\u00e1 Kamaiur\u00e1, CarlosTerena, \u00c1lvaro Tucano, Aritana Ywalapiti, Marcos Mayoruna, Pai\u00ea Kajabi, Luiz Terena, Henrique Terena, Paltu Kamaiur\u00e1 e Josu\u00e9 Paumari.<\/p>\n<p><strong>55<\/strong> foi o n\u00famero de etnias ind\u00edgenas que assistiram o filme Hakani: Bakairi, Baniwa, Bar\u00e9, Bora, Bororo, Canela, Cinta Larga, Coripaco, D\u00e2u, Desano, Gavi\u00e3o, Guajaj\u00e1ra, Hexkaryana, Ka\u2019apor, Kaxinauwa, Kayap\u00f3, Macuchi, Makari, Munducuru, Nhengatu, Wari, Patax\u00f3, Paumari, Pira-tapu\u00eda, Poyanua, Suruwaha, Quechua (Peru), Sanum\u00e1, Sater\u00e9-Maw\u00e9, Shinpibo, Surui, Terena, Tikuna, Tukano, Uai-uai, Ucayali, Wacaru, Wai\u00e3pi, Wapixana, Werekena, Xavante, Yanomami, Zor\u00f3, Caiu\u00e1, Guarani, Palikur, Patax\u00f3, Wayuu, (Col\u00f4mbia\/Venezuela), Kajabi, Kuikuro, Kalapalo, Waur\u00e1, Mehinaco, Jarawara e Yawalapiti.<\/p>\n<p><strong>4.850<\/strong> foi o n\u00famero de pessoas (adultos e crian\u00e7as, de dentro e de fora do Brasil), que juntaram sua voz \u00e0 voz dos ind\u00edgenas e fizeram press\u00e3o pol\u00edtica pelo direitos das crian\u00e7as \u2013 assinaram documentos, fizeram abaixo-assinados, enviaram mensagens, desenhos, telefonaram, conversaram com pol\u00edticos, se manifestaram nas ruas e participaram de audi\u00eancias p\u00fablicas.<\/p>\n<p><strong>7<\/strong> foi o n\u00famero de Deputados Federais que defenderam as crian\u00e7as ind\u00edgenas no Congresso &#8211; Henrique Afonso, Miguel Martini, Sebasti\u00e3o Bala Rocha, Pompeo de Mattos, Ant\u00f4nio Roberto, Jo\u00e3o Campos e Cleber Verde.<\/p>\n<p><strong>14<\/strong> foram as cidades brasileiras onde houve manifesta\u00e7\u00f5es a favor da Lei Muwaji, em defesa das crian\u00e7as ind\u00edgenas \u2013 Rio de Janeiro, S\u00e3o Paulo, Bras\u00edlia, Curitiba, Florian\u00f3polis, Guarulhos, Recife, Belo-Horizonte, Aracaju, Porto Velho, Salvador, Cuiab\u00e1, Porto Alegre e Bel\u00e9m. 300 foram os bonecos ind\u00edgenas usados nas manifesta\u00e7\u00f5es a favor da vida no Rio e em Bras\u00edlia.<\/p>\n<p><strong>55<\/strong> Foi o n\u00famero de eventos que a ATINI participou &#8211; palestras em universidades, exibi\u00e7\u00f5es do document\u00e1rio, reuni\u00f5es em igrejas, cultos, confer\u00eancias, festas em escolas, manifesta\u00e7\u00f5es p\u00fablicas e reuni\u00f5es no Congresso.<\/p>\n<p><strong>6.500<\/strong> foi o n\u00famero de c\u00f3pias distribu\u00eddas do document\u00e1rio Hakani, que foi produzido em 5 l\u00ednguas diferentes \u2013 portugu\u00eas, ingl\u00eas, noruegu\u00eas, espanhol e italiano.<\/p>\n<p><strong>379.641<\/strong> foi o n\u00famero de pessoas que assistiram diferentes clipes do document\u00e1rio Hakani, postados na rede por internautas de v\u00e1rias partes do mundo.<\/p>\n<p><strong>160<\/strong> foi o n\u00famero de sites e blogs que discutiram a luta pela vida das crian\u00e7as ind\u00edgenas. 10 foi o n\u00famero de revistas e jornais de grande porte que falaram no assunto, entre eles a Folha de S\u00e3o Paulo, as revistas Isto \u00e9, VOGUE, Ultimato, Cristianismo Hoje, o Correio Brasiliense, o jornal USA Today e o jornal Aftensposten da Noruega.<\/p>\n<p><strong>12<\/strong> foram os programas de televis\u00e3o que nos entrevistaram ou citaram, entre eles o Sem Censura, da apresentadora L\u00eada Nagle, o Programa do J\u00f4, o notici\u00e1rio SBT Rep\u00f3rter e o Nightline da ABC americana.<\/p>\n<p><strong>57<\/strong> s\u00e3o as pessoas que apadrinharam crian\u00e7as ind\u00edgenas atendidas pelo programa da ATINI.<\/p>\n<p><strong>60<\/strong> foi o n\u00famero de pessoas que colocaram a m\u00e3o na massa para tudo isto acontecer &#8211; profissionais na \u00e1rea de sa\u00fade, comunica\u00e7\u00e3o, educa\u00e7\u00e3o, administra\u00e7\u00e3o, direitos humanos, al\u00e9m de cuidadores, mission\u00e1rios, motoristas, jornalistas, fot\u00f3grafos e muitos outros volunt\u00e1rios.<\/p>\n<p><strong>Incont\u00e1veis<\/strong> foram as ora\u00e7\u00f5es espalhados pelo mundo inteiro.<\/p>\n<p><strong>Milh\u00f5es<\/strong> \u00e9 o tanto vezes que gostar\u00edamos de agradecer!<\/p>\n","protected":false},"excerpt":{"rendered":"<p>40 crian\u00e7as \u00e9 s\u00f3 o come\u00e7o, mas mesmo assim, j\u00e1 d\u00e1 gosto contar&#8230; Com a sua ajuda, conseguimos alcan\u00e7ar n\u00fameros extraordin\u00e1rios em 2008!<\/p>\n","protected":false},"author":6,"featured_media":1710,"comment_status":"open","ping_status":"open","sticky":false,"template":"","format":"standard","meta":{"_et_pb_use_builder":"","_et_pb_old_content":"","_et_gb_content_width":"","footnotes":""},"categories":[60],"tags":[64,83],"class_list":["post-689","post","type-post","status-publish","format-standard","has-post-thumbnail","hentry","category-news","tag-atini-en","tag-reports"],"_links":{"self":[{"href":"https:\/\/www.atini.org.br\/en\/wp-json\/wp\/v2\/posts\/689","targetHints":{"allow":["GET"]}}],"collection":[{"href":"https:\/\/www.atini.org.br\/en\/wp-json\/wp\/v2\/posts"}],"about":[{"href":"https:\/\/www.atini.org.br\/en\/wp-json\/wp\/v2\/types\/post"}],"author":[{"embeddable":true,"href":"https:\/\/www.atini.org.br\/en\/wp-json\/wp\/v2\/users\/6"}],"replies":[{"embeddable":true,"href":"https:\/\/www.atini.org.br\/en\/wp-json\/wp\/v2\/comments?post=689"}],"version-history":[{"count":1,"href":"https:\/\/www.atini.org.br\/en\/wp-json\/wp\/v2\/posts\/689\/revisions"}],"predecessor-version":[{"id":1149,"href":"https:\/\/www.atini.org.br\/en\/wp-json\/wp\/v2\/posts\/689\/revisions\/1149"}],"wp:featuredmedia":[{"embeddable":true,"href":"https:\/\/www.atini.org.br\/en\/wp-json\/wp\/v2\/media\/1710"}],"wp:attachment":[{"href":"https:\/\/www.atini.org.br\/en\/wp-json\/wp\/v2\/media?parent=689"}],"wp:term":[{"taxonomy":"category","embeddable":true,"href":"https:\/\/www.atini.org.br\/en\/wp-json\/wp\/v2\/categories?post=689"},{"taxonomy":"post_tag","embeddable":true,"href":"https:\/\/www.atini.org.br\/en\/wp-json\/wp\/v2\/tags?post=689"}],"curies":[{"name":"wp","href":"https:\/\/api.w.org\/{rel}","templated":true}]}}