{"id":715,"date":"2007-12-31T11:53:00","date_gmt":"2007-12-31T14:53:00","guid":{"rendered":"http:\/\/www.atini.org.br\/2007_12_01_archive-html1417675010896576720\/"},"modified":"2019-01-09T04:28:02","modified_gmt":"2019-01-09T07:28:02","slug":"os-proximos-365-dias","status":"publish","type":"post","link":"https:\/\/www.atini.org.br\/en\/os-proximos-365-dias\/","title":{"rendered":"Os pr\u00f3ximos 365 dias"},"content":{"rendered":"<p><strong>Tantas coisas aconteceram nesse ano que \u00e9 at\u00e9 dif\u00edcil contar.<\/strong> Uma das nossas maiores alegrias desse ano foi conhecer o Xingu a poder ajudar v\u00e1rias fam\u00edlias do Parque. Hoje, assistimos em Bras\u00edlia <strong>Amal\u00e9, Kamila, Kak\u00e1, Pipi, Lulu e Kanhu <\/strong>&#8211; essa \u00faltima, uma doce menina, que viveu por 4 anos em total escurid\u00e3o, escondida dentro de casa, por ser portadora de distrofia muscular. Al\u00e9m deles, <strong>Iganani e Tititu Suruwah\u00e1, os trig\u00eameos Ikpeng, os g\u00eameos Kuikuro, Kawana Kayabi<\/strong> continuam fazendo parte da fam\u00edlia ATINI.<\/p>\n<p><strong>Apesar das dificuldades, e em menos de um ano de funda\u00e7\u00e3o,<\/strong> a luta da Atini pela vida das crian\u00e7as ind\u00edgenas em risco tem sido levada a diversos lugares e eventos, como<\/p>\n<ul>\n<li>a sede da ONU em Nova York,<\/li>\n<li>audi\u00eancia p\u00fablica na C\u00e2mara dos Deputados,<\/li>\n<li>reuni\u00e3o do CONANDA (Conselho Nacional dos Direitos da Crian\u00e7a e do Adolescente),<\/li>\n<li>Semin\u00e1rio de Bio\u00e9tica na UNIFESP,<\/li>\n<li>Congresso da AMTB, da RENAS,<\/li>\n<li>Congresso da AAA (Associa\u00e7\u00e3o Americana de Antropologia), em Washington, apresentando, junto com a Isabel Murphy, da SIL, um trabalho sobre infantic\u00eddio.<\/li>\n<\/ul>\n<p><strong>E at\u00e9 mesmo a m\u00eddia, nacional e internacional, abordou o tema de forma positiva,<\/strong><\/p>\n<ul>\n<li>no document\u00e1rio sobre o resgate de crian\u00e7as em risco, da tev\u00ea holandesa,<\/li>\n<li>em telejornais locais,<\/li>\n<li>no Telegraph, principal jornal da Inglaterra,<\/li>\n<li>na revista Problemas Brasileiros, do SESC,<\/li>\n<li>na Revista VEJA, edi\u00e7\u00e3o de 15 de agosto,<\/li>\n<li>no Jornal Correio Brasiliense,<\/li>\n<li>nas revistas Ultimato, Cristianismo Hoje, Gra\u00e7a, Ecl\u00e9sia e at\u00e9 em uma revista esp\u00edrita!<\/li>\n<\/ul>\n<p><strong>Novos volunt\u00e1rios se somaram aos que j\u00e1 trabalhavam pela Atini, nessa luta pela vida.<\/strong> Em Bras\u00edlia contamos com Maryangela, Eli e Anita, Vanilda, Rose, Margaret, Rog\u00e9rio, Sarah, Cris e v\u00e1rios outros volunt\u00e1rios de JOCUM &#8211; Porto Velho que nos ajudaram temporariamente. E ainda volunt\u00e1rios das \u00e1reas de sa\u00fade e educa\u00e7\u00e3o, a Igreja Comunidade Viva, SIL, ALEM, Asas de Socorro, ao Deputado Nilson Mour\u00e3o, e a tantos outros que nos ajudam no dia a dia com as crian\u00e7as. Uma equipe de fot\u00f3grafos da Universidade das Na\u00e7\u00f5es documentou nosso trabalho, com muito talento e sensibilidade. A rede de lojas Mercado Infantil que nos adotou como ONG beneficiada pela Campanha Mercado Infantil Solid\u00e1rio. E diversos profissionais que tem nos ajudado a sonhar e desenhar o projeto da Vila Ind\u00edgena.Fora de Bras\u00edlia, contamos com Andr\u00e9 e Cristina, Tim e Dene. E com a ajuda da Oitava Igreja Presbiteriana (BH) e do projeto Amanaj\u00e9 (do Ronaldo Lid\u00f3rio), lan\u00e7amos a revista <strong><em>Quebrando o Sil\u00eancio<\/em><\/strong>, amplamente distribu\u00edda em todo o Brasil, e prestes a ser lan\u00e7ada em ingl\u00eas. <strong>&#8220;O tempo de enterrar crian\u00e7as j\u00e1 passou&#8221;, foi o que disse Kotok Kamayur\u00e1, um dos mais conhecidos l\u00edderes do Xingu.<\/strong> A cartilha <strong><em>O Direito de Viver<\/em><\/strong>, da ATINI, continua sendo distribu\u00edda para diversas etnias, e j\u00e1 podemos perceber um movimento dentro das aldeias, de pais, m\u00e3es, l\u00edderes, professores e agentes de sa\u00fade ind\u00edgenas, refletindo junto com suas comunidades, buscando solu\u00e7\u00f5es para lidar com crian\u00e7as rejeitadas. Tamb\u00e9m como uma alternativa para proteger as crian\u00e7as em risco, foi criado o Projeto de Lei Muwaji, e a Atini serviu de consultora sobre o assunto.<br \/>\n<strong><br \/>\nMas nem tudo \u00e9 alegria&#8230;<\/strong> Nosso desejo \u00e9 que mais crian\u00e7as ind\u00edgenas escapem da morte e saiam da escurid\u00e3o. No entanto, por falta de recursos, principalmente financeiros, n\u00e3o conseguimos ajudar algumas crian\u00e7as nesse ano, e que isso d\u00f3i muito no nosso cora\u00e7\u00e3o. Um dos l\u00edderes do Xingu nos pediu para abrigar 5 crian\u00e7as que escaparam de ser enterradas, mas que est\u00e3o reclusas na aldeia, um cacique Guarani nos contou de 2 meninas abandonadas, uma de 5 e outra de 2 anos, um beb\u00ea no Amazonas que est\u00e1 correndo s\u00e9rio risco de ser levado at\u00e9 a mata e abandonado l\u00e1 por determina\u00e7\u00e3o do paj\u00e9 &#8211; a m\u00e3e parou at\u00e9 de alimentar a crian\u00e7a por causa da press\u00e3o social. Mait\u00e1 Yanomami e Cl\u00e1udia Kaiab\u00ed est\u00e3o longe de n\u00f3s e n\u00e3o temos tido not\u00edcias frequentes sobre elas.<\/p>\n<p><strong>Por tudo isso, chegamos ao fim do ano de 2007 com imensa gratid\u00e3o por tudo que j\u00e1 alcan\u00e7amos.<\/strong> Mas ao mesmo tempo, somos tomados por um grande senso de responsabilidade &#8211; ainda h\u00e1 muito a se fazer at\u00e9 que todas as crian\u00e7as ind\u00edgenas do Brasil tenham o direito \u00e0 vida garantido. \u00c9 justamente por isso que vamos trabalhar os pr\u00f3ximos 365 dias. Seja nosso parceiro nessa batalha. E tenha um feliz 2008!<\/p>\n<p>ATINI &#8211; VOZ PELA VIDA<br \/>\nCNPJ 08.580.772\/0001-51<br \/>\nBanco do Brasil<br \/>\nAg\u00eancia 2727-8<br \/>\nConta Corrente 13645-X<\/p>\n","protected":false},"excerpt":{"rendered":"<p>Tantas coisas aconteceram nesse ano que \u00e9 at\u00e9 dif\u00edcil contar. Uma das nossas maiores alegrias desse ano foi conhecer o Xingu a poder ajudar v\u00e1rias fam\u00edlias do Parque. Hoje, assistimos em Bras\u00edlia Amal\u00e9, Kamila, Kak\u00e1, Pipi, Lulu e Kanhu &#8211; essa \u00faltima, uma doce menina, que viveu por 4 anos em total escurid\u00e3o, escondida dentro [&hellip;]<\/p>\n","protected":false},"author":6,"featured_media":912,"comment_status":"open","ping_status":"open","sticky":false,"template":"","format":"standard","meta":{"_et_pb_use_builder":"","_et_pb_old_content":"","_et_gb_content_width":"","footnotes":""},"categories":[23,1],"tags":[24],"class_list":["post-715","post","type-post","status-publish","format-standard","has-post-thumbnail","hentry","category-institucional","category-noticias","tag-atini"],"_links":{"self":[{"href":"https:\/\/www.atini.org.br\/en\/wp-json\/wp\/v2\/posts\/715","targetHints":{"allow":["GET"]}}],"collection":[{"href":"https:\/\/www.atini.org.br\/en\/wp-json\/wp\/v2\/posts"}],"about":[{"href":"https:\/\/www.atini.org.br\/en\/wp-json\/wp\/v2\/types\/post"}],"author":[{"embeddable":true,"href":"https:\/\/www.atini.org.br\/en\/wp-json\/wp\/v2\/users\/6"}],"replies":[{"embeddable":true,"href":"https:\/\/www.atini.org.br\/en\/wp-json\/wp\/v2\/comments?post=715"}],"version-history":[{"count":2,"href":"https:\/\/www.atini.org.br\/en\/wp-json\/wp\/v2\/posts\/715\/revisions"}],"predecessor-version":[{"id":2710,"href":"https:\/\/www.atini.org.br\/en\/wp-json\/wp\/v2\/posts\/715\/revisions\/2710"}],"wp:featuredmedia":[{"embeddable":true,"href":"https:\/\/www.atini.org.br\/en\/wp-json\/wp\/v2\/media\/912"}],"wp:attachment":[{"href":"https:\/\/www.atini.org.br\/en\/wp-json\/wp\/v2\/media?parent=715"}],"wp:term":[{"taxonomy":"category","embeddable":true,"href":"https:\/\/www.atini.org.br\/en\/wp-json\/wp\/v2\/categories?post=715"},{"taxonomy":"post_tag","embeddable":true,"href":"https:\/\/www.atini.org.br\/en\/wp-json\/wp\/v2\/tags?post=715"}],"curies":[{"name":"wp","href":"https:\/\/api.w.org\/{rel}","templated":true}]}}